{"id":9498,"date":"2024-11-21T16:45:56","date_gmt":"2024-11-21T16:45:56","guid":{"rendered":"https:\/\/247stiri.ro\/index.php\/2024\/11\/21\/noi-detalii-despre-victimele-accidentului-de-la-2-mai-tatal-lui-sebi-olariu-sustine-ca-a-primit-semne-de-la-fiul-lui-ce-se-intampla-noaptea-in-curtea-acestuia\/"},"modified":"2024-11-21T16:45:56","modified_gmt":"2024-11-21T16:45:56","slug":"noi-detalii-despre-victimele-accidentului-de-la-2-mai-tatal-lui-sebi-olariu-sustine-ca-a-primit-semne-de-la-fiul-lui-ce-se-intampla-noaptea-in-curtea-acestuia","status":"publish","type":"post","link":"https:\/\/247stiri.ro\/index.php\/2024\/11\/21\/noi-detalii-despre-victimele-accidentului-de-la-2-mai-tatal-lui-sebi-olariu-sustine-ca-a-primit-semne-de-la-fiul-lui-ce-se-intampla-noaptea-in-curtea-acestuia\/","title":{"rendered":"Noi detalii despre victimele accidentului de la 2 MAI. Tat\u0103l lui Sebi Olariu sus\u021bine c\u0103 a primit semne de la fiul lui: ce se \u00eent\u00e2mpl\u0103 noaptea \u00een curtea acestuia"},"content":{"rendered":"<p>\u00cen noaptea de 19 noiembrie 2024, \u00een curtea familiei, Valentin a tr\u0103it o \u00eent\u00e2mplare ciudat\u0103, care l-a f\u0103cut s\u0103 se \u00eentrebe dac\u0103 nu cumva fiul s\u0103u \u00eencearc\u0103 s\u0103-i transmit\u0103 un mesaj dincolo de moarte. La ora 00:30, Valentin a fost sunat de sora sa, care i-a spus c\u0103 \u00een ma\u0219ina fiului s\u0103u se aprinde lumina, iar muzica era dat\u0103 la maxim.<\/p>\n<p>\u201eAsear\u0103 la ora 12:30 primesc un telefon de la sora mea spun\u00e2ndu-mi ca \u00een ma\u0219ina lui Sebi se aprinde lumina \u0219i este muzic\u0103 dat\u0103 la maxim. Am fugit repede la ma\u0219in\u0103, ma\u0219ina era \u00eenchis\u0103, muzic\u0103 era dat\u0103 la maxim, lumina se stingea \u0219i se aprindea \u00een ma\u0219in\u0103. Am r\u0103mas \u00eenm\u0103rmurit, am dat camera \u00eenapoi \u0219i ce am v\u0103zut este de neimaginat&#8230; O fi vreun semn de la Sebi&#8230; Nu \u0219tiu ce s\u0103 mai cred.&#8221; , a fost mesajul scris pe Facebook de tat\u0103l lui Sebi Olariu, t\u00e2n\u0103rul care a murit \u00een accidentul din 2 Mai.<\/p>\n<p>P\u0103rintele \u00eendurerat nu g\u0103se\u0219te o explica\u021bie a acestui fenomen<\/p>\n<p>Tat\u0103l t\u00e2n\u0103rului decedat nu \u0219tie cum s\u0103 explice acest fenomen \u0219i se \u00eentreab\u0103 dac\u0103 nu cumva fiul s\u0103u \u00eencearc\u0103 s\u0103-l lini\u0219teasc\u0103 \u00eentr-un mod misterios. Aceast\u0103 \u00eent\u00e2mplare a venit dup\u0103 ce, \u00een luna mai a acestui an, Valentin \u0219i p\u0103rin\u021bii celorlalte victime ale accidentului <a href=\"https:\/\/www.realitatea.net\/stiri\/actual\/dealerul-lui-vlad-pascu-condamnat-la-4-ani-si-3-luni-de-inchisoare_673b345a0738c10e38634732\" target=\"_blank\">s-au \u00eent\u00e2lnit cu Vlad Pascu,<\/a> t\u00e2n\u0103rul care le-a curmat via\u021ba copiilor lor.<\/p>\n<p>\u00cen sala de judecat\u0103, tat\u0103l lui Sebi a \u00eencercat s\u0103 \u00eel priveasc\u0103 pe Vlad Pascu \u00een ochi, dar t\u00e2n\u0103rul a evitat orice contact vizual.\u00a0<\/p>\n<p>\u201eCrede\u021bi-m\u0103 c\u0103 am vrut s\u0103-i prind privirea, s\u0103 m\u0103 uit ochi \u00een ochi \u0219i s-a uitat numai cu capul \u00een jos. Chiar mi-a venit s\u0103 pl\u00e2ng, am avut o emo\u021bie \u00een corp, mi-au trecut tot felul de g\u00e2nduri \u00een cap. Cum l-am v\u0103zut? A fost tot acel Vlad Pascu, dar un pic mai speriat. Nu cred c\u0103 se poate schimba un asemenea om. Este teatral \u0219i tot ce face el, face doar cu ajutorul avoca\u021bilor \u0219i \u00eei ascult\u0103 de fiecare dat\u0103. Sper ca doamna judec\u0103tor, cred c\u0103 am cea mai mare \u00eencredere \u00een d\u00e2nsa, c\u0103 o s\u0103 ia decizia cea mai bun\u0103. Ce a\u0219tept\u0103ri? Ce a\u0219tept\u0103ri am de la primul termen! S\u0103 se fac\u0103 dreptate \u0219i Vlad Pascu s\u0103-\u0219i primeasc\u0103 pedeapsa pe care o merit\u0103&#8221;, a declarat Valentin Olariu, tat\u0103l lui Sebastian.<\/p>\n<p>\u00cen luna august 2023, <a href=\"https:\/\/www.realitatea.net\/stiri\/ultimele-stiri\/vlad-pascu-va-petrecere-sarbatorile-dupa-gratii-decizia-tribunalului-constanta-este-definitiva_67333e96b197440dc8162042\" target=\"_blank\">Vlad Pascu,<\/a> un t\u00e2n\u0103r de 19 ani, a provocat accidentul tragic din 2 Mai, \u00een urma c\u0103ruia Sebi Olariu \u0219i Roberta Dragomir, o alt\u0103 t\u00e2n\u0103r\u0103 de 21 de ani, au murit. Accidentul a avut loc din cauza unei conduceri sub influen\u021ba drogurilor, iar Valentin Olariu nu renun\u021b\u0103 la lupta pentru dreptate \u0219i sper\u0103 c\u0103 justi\u021bia va face ceea ce este corect pentru fiul s\u0103u, dar \u0219i pentru celelalte victime.<\/p>","protected":false},"excerpt":{"rendered":"<p>\u00cen noaptea de 19 noiembrie 2024, \u00een curtea familiei, Valentin a tr\u0103it o \u00eent\u00e2mplare ciudat\u0103,&hellip;<\/p>\n","protected":false},"author":0,"featured_media":9499,"comment_status":"open","ping_status":"open","sticky":false,"template":"","format":"standard","meta":{"footnotes":""},"categories":[2],"tags":[],"class_list":["post-9498","post","type-post","status-publish","format-standard","has-post-thumbnail","hentry","category-actual"],"_links":{"self":[{"href":"https:\/\/247stiri.ro\/index.php\/wp-json\/wp\/v2\/posts\/9498","targetHints":{"allow":["GET"]}}],"collection":[{"href":"https:\/\/247stiri.ro\/index.php\/wp-json\/wp\/v2\/posts"}],"about":[{"href":"https:\/\/247stiri.ro\/index.php\/wp-json\/wp\/v2\/types\/post"}],"replies":[{"embeddable":true,"href":"https:\/\/247stiri.ro\/index.php\/wp-json\/wp\/v2\/comments?post=9498"}],"version-history":[{"count":0,"href":"https:\/\/247stiri.ro\/index.php\/wp-json\/wp\/v2\/posts\/9498\/revisions"}],"wp:featuredmedia":[{"embeddable":true,"href":"https:\/\/247stiri.ro\/index.php\/wp-json\/wp\/v2\/media\/9499"}],"wp:attachment":[{"href":"https:\/\/247stiri.ro\/index.php\/wp-json\/wp\/v2\/media?parent=9498"}],"wp:term":[{"taxonomy":"category","embeddable":true,"href":"https:\/\/247stiri.ro\/index.php\/wp-json\/wp\/v2\/categories?post=9498"},{"taxonomy":"post_tag","embeddable":true,"href":"https:\/\/247stiri.ro\/index.php\/wp-json\/wp\/v2\/tags?post=9498"}],"curies":[{"name":"wp","href":"https:\/\/api.w.org\/{rel}","templated":true}]}}