{"id":9508,"date":"2024-11-21T17:46:24","date_gmt":"2024-11-21T17:46:24","guid":{"rendered":"https:\/\/247stiri.ro\/index.php\/2024\/11\/21\/viorel-lis-a-ajuns-la-spital-sotia-sa-oana-a-dezvaluirit-care-este-starea-fostului-edil\/"},"modified":"2024-11-21T17:46:24","modified_gmt":"2024-11-21T17:46:24","slug":"viorel-lis-a-ajuns-la-spital-sotia-sa-oana-a-dezvaluirit-care-este-starea-fostului-edil","status":"publish","type":"post","link":"https:\/\/247stiri.ro\/index.php\/2024\/11\/21\/viorel-lis-a-ajuns-la-spital-sotia-sa-oana-a-dezvaluirit-care-este-starea-fostului-edil\/","title":{"rendered":"Viorel Lis a ajuns la spital! So\u021bia sa Oana a dezv\u0103luirit care este starea fostului edil"},"content":{"rendered":"<p>Oana Lis a precizat c\u0103 a trebuit s\u0103 \u00eei fie al\u0103turi so\u021bului ei, motiv pentru care nu a putut r\u0103spunde la mesajele urm\u0103ritorilor s\u0103i \u0219i a fost absent\u0103 din mediul online, d\u00e2nd asigur\u0103ri c\u0103 va reveni cur\u00e2nd.<\/p>\n<p>\u00a0<\/p>\n<p>Oana \u0219i Viorel Lis sunt \u00eempreun\u0103 de peste 26 de ani \u0219i, \u00een ciuda diferen\u021bei semnificative de v\u00e2rst\u0103 \u0219i a unor conflicte mai mult sau mai pu\u021bin alimentate de presa taboid\u0103, au r\u0103mas al\u0103turi la bine \u0219i la greu.\u00a0<\/p>","protected":false},"excerpt":{"rendered":"<p>Oana Lis a precizat c\u0103 a trebuit s\u0103 \u00eei fie al\u0103turi so\u021bului ei, motiv pentru&hellip;<\/p>\n","protected":false},"author":0,"featured_media":9509,"comment_status":"open","ping_status":"open","sticky":false,"template":"","format":"standard","meta":{"footnotes":""},"categories":[8],"tags":[],"class_list":["post-9508","post","type-post","status-publish","format-standard","has-post-thumbnail","hentry","category-lifestyle"],"_links":{"self":[{"href":"https:\/\/247stiri.ro\/index.php\/wp-json\/wp\/v2\/posts\/9508","targetHints":{"allow":["GET"]}}],"collection":[{"href":"https:\/\/247stiri.ro\/index.php\/wp-json\/wp\/v2\/posts"}],"about":[{"href":"https:\/\/247stiri.ro\/index.php\/wp-json\/wp\/v2\/types\/post"}],"replies":[{"embeddable":true,"href":"https:\/\/247stiri.ro\/index.php\/wp-json\/wp\/v2\/comments?post=9508"}],"version-history":[{"count":0,"href":"https:\/\/247stiri.ro\/index.php\/wp-json\/wp\/v2\/posts\/9508\/revisions"}],"wp:featuredmedia":[{"embeddable":true,"href":"https:\/\/247stiri.ro\/index.php\/wp-json\/wp\/v2\/media\/9509"}],"wp:attachment":[{"href":"https:\/\/247stiri.ro\/index.php\/wp-json\/wp\/v2\/media?parent=9508"}],"wp:term":[{"taxonomy":"category","embeddable":true,"href":"https:\/\/247stiri.ro\/index.php\/wp-json\/wp\/v2\/categories?post=9508"},{"taxonomy":"post_tag","embeddable":true,"href":"https:\/\/247stiri.ro\/index.php\/wp-json\/wp\/v2\/tags?post=9508"}],"curies":[{"name":"wp","href":"https:\/\/api.w.org\/{rel}","templated":true}]}}