{"id":9551,"date":"2024-11-21T19:45:14","date_gmt":"2024-11-21T19:45:14","guid":{"rendered":"https:\/\/247stiri.ro\/index.php\/2024\/11\/21\/pedeapsa-aspra-pentru-un-barbat-de-79-de-ani-a-fost-condamnat-in-urma-unor-glume-macabre-facute-in-mediul-online\/"},"modified":"2024-11-21T19:45:14","modified_gmt":"2024-11-21T19:45:14","slug":"pedeapsa-aspra-pentru-un-barbat-de-79-de-ani-a-fost-condamnat-in-urma-unor-glume-macabre-facute-in-mediul-online","status":"publish","type":"post","link":"https:\/\/247stiri.ro\/index.php\/2024\/11\/21\/pedeapsa-aspra-pentru-un-barbat-de-79-de-ani-a-fost-condamnat-in-urma-unor-glume-macabre-facute-in-mediul-online\/","title":{"rendered":"Pedeaps\u0103 aspr\u0103 pentru un b\u0103rbat de 79 de ani. A fost condamnat \u00een urma unor glume macabre f\u0103cute \u00een mediul online"},"content":{"rendered":"<p>Pensionarul a scris pe Facebook <a href=\"https:\/\/www.realitatea.net\/stiri\/actual\/glume-de-halloween-care-sunt-pedepsite-prin-lege-petrecaretii-se-pot-trezi-in-spatele-gratiilor-pentru-o-farsa-aparent-banala_672109c6185d883f2d2ded22\" target=\"_blank\">afirma\u021bii extrem de \u0219ocante<\/a>, inclusiv c\u0103 \u201e\u00eei place s\u0103 ucid\u0103 oameni\u201d, men\u021bion\u00e2nd acte violente precum \u201ea t\u0103ia g\u00e2tul\u201d \u0219i \u201ea \u00eempu\u0219ca copii\u201d. Comentariile au fost f\u0103cute publice la sf\u00e2r\u0219itul lunii octombrie \u0219i au fost rapid semnalate autorit\u0103\u021bilor de c\u0103tre administratorii platformei.<\/p>\n<p>Oamenii au f\u0103cut pl\u00e2ngeri \u00eempotriva b\u0103tr\u00e2nului<\/p>\n<p>\u00cen urma pl\u00e2ngerilor, poli\u021bia a \u00eenceput o anchet\u0103 \u0219i, \u00een c\u00e2teva ore, a reu\u0219it s\u0103-l identifice \u0219i s\u0103-l re\u021bin\u0103 pe b\u0103rbat, mobiliz\u00e2nd echipe de interven\u021bie pentru a-l prinde. \u00cen fa\u021ba anchetatorilor, b\u0103rbatul a declarat c\u0103 ceea ce spusese nu reprezenta dec\u00e2t o \u201eglum\u0103\u201d \u0219i un<a href=\"https:\/\/www.realitatea.net\/stiri\/actual\/romanii-fac-glume-pe-seama-furtunii-care-nu-sa-mai-aratat-val-de-ironii-pe-internet-ciclonul-ashely-la-fel-de-asteptat-de-romani-precum-mos-craciun-video_66fba7ef4aa3c74f066a3d1c\" target=\"_blank\"> \u201eexces de limbaj\u201d<\/a> \u0219i c\u0103 nu avea inten\u021bia de a amenin\u021ba pe cineva \u00een mod real.<\/p>\n<p>\u00cen luna noiembrie, instan\u021ba francez\u0103 l-a condamnat pe b\u0103rbat s\u0103 pl\u0103teasc\u0103 o amend\u0103 de 900 de euro \u0219i i-a aplicat o \u00eenregistrare \u00een cazierul judiciar. De asemenea, b\u0103rbatul a primit o interdic\u021bie de a de\u021bine arme pentru urm\u0103torii trei ani.<\/p>","protected":false},"excerpt":{"rendered":"<p>Pensionarul a scris pe Facebook afirma\u021bii extrem de \u0219ocante, inclusiv c\u0103 \u201e\u00eei place s\u0103 ucid\u0103&hellip;<\/p>\n","protected":false},"author":0,"featured_media":9552,"comment_status":"open","ping_status":"open","sticky":false,"template":"","format":"standard","meta":{"footnotes":""},"categories":[4],"tags":[],"class_list":["post-9551","post","type-post","status-publish","format-standard","has-post-thumbnail","hentry","category-extern"],"_links":{"self":[{"href":"https:\/\/247stiri.ro\/index.php\/wp-json\/wp\/v2\/posts\/9551","targetHints":{"allow":["GET"]}}],"collection":[{"href":"https:\/\/247stiri.ro\/index.php\/wp-json\/wp\/v2\/posts"}],"about":[{"href":"https:\/\/247stiri.ro\/index.php\/wp-json\/wp\/v2\/types\/post"}],"replies":[{"embeddable":true,"href":"https:\/\/247stiri.ro\/index.php\/wp-json\/wp\/v2\/comments?post=9551"}],"version-history":[{"count":0,"href":"https:\/\/247stiri.ro\/index.php\/wp-json\/wp\/v2\/posts\/9551\/revisions"}],"wp:featuredmedia":[{"embeddable":true,"href":"https:\/\/247stiri.ro\/index.php\/wp-json\/wp\/v2\/media\/9552"}],"wp:attachment":[{"href":"https:\/\/247stiri.ro\/index.php\/wp-json\/wp\/v2\/media?parent=9551"}],"wp:term":[{"taxonomy":"category","embeddable":true,"href":"https:\/\/247stiri.ro\/index.php\/wp-json\/wp\/v2\/categories?post=9551"},{"taxonomy":"post_tag","embeddable":true,"href":"https:\/\/247stiri.ro\/index.php\/wp-json\/wp\/v2\/tags?post=9551"}],"curies":[{"name":"wp","href":"https:\/\/api.w.org\/{rel}","templated":true}]}}