{"id":9561,"date":"2024-11-21T20:44:55","date_gmt":"2024-11-21T20:44:55","guid":{"rendered":"https:\/\/247stiri.ro\/index.php\/2024\/11\/21\/atac-armat-cu-zeci-de-victime-alerta-la-granita-cu-afganistan\/"},"modified":"2024-11-21T20:44:55","modified_gmt":"2024-11-21T20:44:55","slug":"atac-armat-cu-zeci-de-victime-alerta-la-granita-cu-afganistan","status":"publish","type":"post","link":"https:\/\/247stiri.ro\/index.php\/2024\/11\/21\/atac-armat-cu-zeci-de-victime-alerta-la-granita-cu-afganistan\/","title":{"rendered":"Atac ARMAT cu zeci de victime. Alert\u0103 la grani\u021ba cu Afganistan"},"content":{"rendered":"<p>Autorit\u0103\u021bile suspecteaz\u0103 c\u0103 atacul ar face parte dintr-un conflict religios din regiune, informeaz\u0103 BBC \u0219i Mediafax.<\/p>\n<p><a href=\"https:\/\/www.realitatea.net\/stiri\/extern\/masacru-la-petrecerea-de-halloween-ce-avea-in-minte-maniacul_67274f28f621250b6e28bf78\" target=\"_blank\">Atacul s-a petrecut<\/a> \u00eentr-o zon\u0103 izolat\u0103 a Pakistanului, aproape de grani\u021ba cu Afganistanul, c\u00e2nd un grup de agresori neidentifica\u021bi a deschis focul asupra unui convoi de 200 de vehicule care transportau pasageri.<\/p>\n<p>Peste 41 de oameni au murit<\/p>\n<p>\u00a0Potrivit informa\u021biilor oficiale, cel pu\u021bin 41 de persoane, inclusiv femei \u0219i copii, au murit, iar mai mul\u021bi al\u021bii au fost r\u0103ni\u021bi. \u00cen timpul atacului, b\u0103rba\u021bii \u00eenarma\u021bi au vizat ini\u021bial poli\u021bi\u0219tii care escortau convoiul, \u00eenainte de a deschide focul asupra tuturor ma\u0219inilor.<\/p>\n<p><a href=\"https:\/\/www.realitatea.net\/stiri\/extern\/el-este-primarul-ucis-in-timpul-unui-atac-ucigasul-a-dat-bir-cu-fugitii_6720b2205158144def7380c8\" target=\"_blank\">Multe dintre victime<\/a> au reu\u0219it s\u0103 supravie\u021buiasc\u0103 ascunz\u00e2ndu-se sub vehiculele atacate sau \u00een locuin\u021bele din apropiere, iar autorit\u0103\u021bile au raportat c\u0103 cel pu\u021bin 16 persoane se afl\u0103 \u00een stare grav\u0103.\u00a0<\/p>\n<p>Regiunea este cunoscut\u0103 pentru existen\u021ba mai multor comunit\u0103\u021bi religioase \u0219i a simpatizan\u021bilor unor grupuri extremiste, iar tensiunile dintre triburile musulmane sunite \u0219i \u0219iite au fost frecvente \u00een acest an.<\/p>","protected":false},"excerpt":{"rendered":"<p>Autorit\u0103\u021bile suspecteaz\u0103 c\u0103 atacul ar face parte dintr-un conflict religios din regiune, informeaz\u0103 BBC \u0219i&hellip;<\/p>\n","protected":false},"author":0,"featured_media":9562,"comment_status":"open","ping_status":"open","sticky":false,"template":"","format":"standard","meta":{"footnotes":""},"categories":[4],"tags":[],"class_list":["post-9561","post","type-post","status-publish","format-standard","has-post-thumbnail","hentry","category-extern"],"_links":{"self":[{"href":"https:\/\/247stiri.ro\/index.php\/wp-json\/wp\/v2\/posts\/9561","targetHints":{"allow":["GET"]}}],"collection":[{"href":"https:\/\/247stiri.ro\/index.php\/wp-json\/wp\/v2\/posts"}],"about":[{"href":"https:\/\/247stiri.ro\/index.php\/wp-json\/wp\/v2\/types\/post"}],"replies":[{"embeddable":true,"href":"https:\/\/247stiri.ro\/index.php\/wp-json\/wp\/v2\/comments?post=9561"}],"version-history":[{"count":0,"href":"https:\/\/247stiri.ro\/index.php\/wp-json\/wp\/v2\/posts\/9561\/revisions"}],"wp:featuredmedia":[{"embeddable":true,"href":"https:\/\/247stiri.ro\/index.php\/wp-json\/wp\/v2\/media\/9562"}],"wp:attachment":[{"href":"https:\/\/247stiri.ro\/index.php\/wp-json\/wp\/v2\/media?parent=9561"}],"wp:term":[{"taxonomy":"category","embeddable":true,"href":"https:\/\/247stiri.ro\/index.php\/wp-json\/wp\/v2\/categories?post=9561"},{"taxonomy":"post_tag","embeddable":true,"href":"https:\/\/247stiri.ro\/index.php\/wp-json\/wp\/v2\/tags?post=9561"}],"curies":[{"name":"wp","href":"https:\/\/api.w.org\/{rel}","templated":true}]}}