{"id":9579,"date":"2024-11-21T21:49:18","date_gmt":"2024-11-21T21:49:18","guid":{"rendered":"https:\/\/247stiri.ro\/index.php\/2024\/11\/21\/rares-bogdan-atac-devastator-la-traian-basescu-e-diabolic-ce-face-lipindu-se-de-elena-lasconi-o-trage-in-jos-va-avea-o-surpriza-neplacuta-duminica\/"},"modified":"2024-11-21T21:49:18","modified_gmt":"2024-11-21T21:49:18","slug":"rares-bogdan-atac-devastator-la-traian-basescu-e-diabolic-ce-face-lipindu-se-de-elena-lasconi-o-trage-in-jos-va-avea-o-surpriza-neplacuta-duminica","status":"publish","type":"post","link":"https:\/\/247stiri.ro\/index.php\/2024\/11\/21\/rares-bogdan-atac-devastator-la-traian-basescu-e-diabolic-ce-face-lipindu-se-de-elena-lasconi-o-trage-in-jos-va-avea-o-surpriza-neplacuta-duminica\/","title":{"rendered":"Rare\u0219 Bogdan, atac devastator la Traian B\u0103sescu: E diabolic ce face, lipindu-se de Elena Lasconi, o trage \u00een jos. Va avea o surpriz\u0103 nepl\u0103cut\u0103 duminic\u0103"},"content":{"rendered":"<p>\u201cDomnia sa tr\u0103it permanent cu aceast\u0103 idee, a avut problema Elenelor, \u00een Rom\u00e2nia celor care au \u00eencercat s\u0103 o transforme \u00een autocra\u021bie. A fost Elena, fie c\u0103 a fost Elena Lupescu, fie c\u0103 apoi a fost \u00een dictatur\u0103 Elenei Ceau\u0219escu, apoi Elena Udrea.<\/p>\n<p>Iar Traian B\u0103sescu, \u00een loc s\u0103-\u0219i plimbe nepo\u021beii superbi pe care i-a oferit bunul Dumnezeu \u0219i fetele domniei sale se ocup\u0103 \u00een a duce o alt\u0103 Elena \u0219i de o lipi de ceea ce a creat d\u00e2nsul. \u00a0Pentru c\u0103 este, n-a vorbit niciodat\u0103 despre destinele distruse, n-a vorbit niciodat\u0103 despre crearea acestui Stat Paralel care a nenorocit, a \u00eengropat oameni de afaceri, businessuri, a terorizat Rom\u00e2nia.<\/p>\n<p>A intrat \u00een zona justi\u021biei, a cotropit serviciile de informa\u021bii \u0219i acum pur \u0219i simplu trezit parc\u0103 \u00eentr-o ultim\u0103 \u00eencercare de a-\u0219i \u00eempune un om la Cotroceni, \u00eencearc\u0103 \u00eempingerea Elenei Lasconi spre un scor.<\/p>\n<p>V\u0103 asigur c\u0103 va avea o surpriz\u0103 complet nepl\u0103cut\u0103 \u0219i duminic\u0103 noaptea va vedea exact influen\u021ba de care se mai bucur\u0103 la nivelul poporului rom\u00e2n. Rom\u00e2nia nu mai vrea astfel de personaje care au \u00eencercat s\u0103 distrug\u0103 libertatea de expresie, capitalismul autohton \u0219i tot ceea ce a \u00eensemnat frumuse\u021bea democra\u021biei. Deci Traian B\u0103sescu, lipindu-se de Elena Lasconi, o trage \u00een jos \u0219i \u00eei creeaz\u0103 o mare problem\u0103 s\u0103 continue.<\/p>\n<p>Iar disperarea sa \u00een a \u00eencerca s\u0103 impun\u0103 acela\u0219i proiect cu care ne-a terorizat timp de 10 ani va da roade prin faptul c\u0103 aceast\u0103 doamn\u0103 va cobori la o singur\u0103 cifr\u0103 \u00een ziua votului. Este diabolic ceea ce face, absolut diabolic!\u201d a afirmat prim-vicepre\u0219edintele PNL Rare\u0219 Bogdan.<\/p>\n<p>\u00a0<\/p>","protected":false},"excerpt":{"rendered":"<p>\u201cDomnia sa tr\u0103it permanent cu aceast\u0103 idee, a avut problema Elenelor, \u00een Rom\u00e2nia celor care&hellip;<\/p>\n","protected":false},"author":0,"featured_media":9576,"comment_status":"open","ping_status":"open","sticky":false,"template":"","format":"standard","meta":{"footnotes":""},"categories":[2],"tags":[],"class_list":["post-9579","post","type-post","status-publish","format-standard","has-post-thumbnail","hentry","category-actual"],"_links":{"self":[{"href":"https:\/\/247stiri.ro\/index.php\/wp-json\/wp\/v2\/posts\/9579","targetHints":{"allow":["GET"]}}],"collection":[{"href":"https:\/\/247stiri.ro\/index.php\/wp-json\/wp\/v2\/posts"}],"about":[{"href":"https:\/\/247stiri.ro\/index.php\/wp-json\/wp\/v2\/types\/post"}],"replies":[{"embeddable":true,"href":"https:\/\/247stiri.ro\/index.php\/wp-json\/wp\/v2\/comments?post=9579"}],"version-history":[{"count":0,"href":"https:\/\/247stiri.ro\/index.php\/wp-json\/wp\/v2\/posts\/9579\/revisions"}],"wp:featuredmedia":[{"embeddable":true,"href":"https:\/\/247stiri.ro\/index.php\/wp-json\/wp\/v2\/media\/9576"}],"wp:attachment":[{"href":"https:\/\/247stiri.ro\/index.php\/wp-json\/wp\/v2\/media?parent=9579"}],"wp:term":[{"taxonomy":"category","embeddable":true,"href":"https:\/\/247stiri.ro\/index.php\/wp-json\/wp\/v2\/categories?post=9579"},{"taxonomy":"post_tag","embeddable":true,"href":"https:\/\/247stiri.ro\/index.php\/wp-json\/wp\/v2\/tags?post=9579"}],"curies":[{"name":"wp","href":"https:\/\/api.w.org\/{rel}","templated":true}]}}