{"id":9608,"date":"2024-11-22T06:45:32","date_gmt":"2024-11-22T06:45:32","guid":{"rendered":"https:\/\/247stiri.ro\/index.php\/2024\/11\/22\/cantareata-care-ingheata-de-frig-in-casa-cu-ce-probleme-se-confrunta-celebra-artista\/"},"modified":"2024-11-22T06:45:32","modified_gmt":"2024-11-22T06:45:32","slug":"cantareata-care-ingheata-de-frig-in-casa-cu-ce-probleme-se-confrunta-celebra-artista","status":"publish","type":"post","link":"https:\/\/247stiri.ro\/index.php\/2024\/11\/22\/cantareata-care-ingheata-de-frig-in-casa-cu-ce-probleme-se-confrunta-celebra-artista\/","title":{"rendered":"C\u00e2nt\u0103rea\u021ba care \u00eenghea\u021b\u0103 de frig \u00een cas\u0103. Cu ce probleme se confrunt\u0103 celebra artist\u0103"},"content":{"rendered":"<p>Momente de groaz\u0103 pentru o artista \u00eendr\u0103git\u0103 de rom\u00e2ni. Saveta Bogdana a povestit c\u0103 \u00eenghea\u021b\u0103 de frig \u00een cartierul boga\u021bilor. C\u00e2nt\u0103rea\u021ba doarme l\u00e2ng\u0103 un calorifer electric \u0219i spune c\u0103 era s\u0103 ia foc. Ba mai mult, solista sustine c\u0103 nici nu se poate sp\u0103la \u0219i c\u0103 iernile pentru ea sunt un adev\u0103rat calvar.<\/p>\n<p>Saveta Bogdan este o apari\u021bie \u00eenc\u00e2nt\u0103toare pe scena muzicii populare, \u00eens\u0103 pu\u021bini \u0219tiu prin ce dram\u0103 trece. C\u00e2nt\u0103rea\u021ba e nevoit\u0103 s\u0103 doarm\u0103 cu geaca pe ea \u0219i s\u0103 se spele la lighean. Totul, din cauza unor lucr\u0103ri la re\u021beaua de termoficare. \u201dM\u0103 \u00eenc\u0103lzesc doar cu un calorifer electric la mine \u00een camer\u0103. Nici baie nu pot s\u0103 fac\u201d, a m\u0103rturisit artista.Saveta Bogdan a continuat seria de dezv\u0103luiri incredibile. Artista spune c\u0103 a fost la un pas s\u0103 ia foc din cauza caloriferului electric. \u201dOdat\u0103 mirosea a ars \u0219i m-am trezit din somn. M-am uitat \u0219i v\u0103d c\u0103 era caloriferul meu pornit. \u00cel l\u0103sasem pornit \u0219i era s\u0103 ia foc\u201d, a mai m\u0103rturisit Saveta Bogdan.Solista de muzic\u0103 popular\u0103 poveste\u0219te c\u0103 \u00een urma situa\u021biei grave, fiica ei stabilit\u0103 \u00een Statele Unite i-a propus acesteia s\u0103 se mute acolo. Chiar \u0219i a\u0219a, Saveta Bogdan nu vrea nici \u00een ruptul capului s\u0103 p\u0103r\u0103seasc\u0103 imobilul de lux \u00een care locuie\u0219te \u00een Centrul Capitalei, spun jurnali\u0219tii.\u00a0<\/p>","protected":false},"excerpt":{"rendered":"<p>Momente de groaz\u0103 pentru o artista \u00eendr\u0103git\u0103 de rom\u00e2ni. Saveta Bogdana a povestit c\u0103 \u00eenghea\u021b\u0103&hellip;<\/p>\n","protected":false},"author":0,"featured_media":9601,"comment_status":"open","ping_status":"open","sticky":false,"template":"","format":"standard","meta":{"footnotes":""},"categories":[2],"tags":[],"class_list":["post-9608","post","type-post","status-publish","format-standard","has-post-thumbnail","hentry","category-actual"],"_links":{"self":[{"href":"https:\/\/247stiri.ro\/index.php\/wp-json\/wp\/v2\/posts\/9608","targetHints":{"allow":["GET"]}}],"collection":[{"href":"https:\/\/247stiri.ro\/index.php\/wp-json\/wp\/v2\/posts"}],"about":[{"href":"https:\/\/247stiri.ro\/index.php\/wp-json\/wp\/v2\/types\/post"}],"replies":[{"embeddable":true,"href":"https:\/\/247stiri.ro\/index.php\/wp-json\/wp\/v2\/comments?post=9608"}],"version-history":[{"count":0,"href":"https:\/\/247stiri.ro\/index.php\/wp-json\/wp\/v2\/posts\/9608\/revisions"}],"wp:featuredmedia":[{"embeddable":true,"href":"https:\/\/247stiri.ro\/index.php\/wp-json\/wp\/v2\/media\/9601"}],"wp:attachment":[{"href":"https:\/\/247stiri.ro\/index.php\/wp-json\/wp\/v2\/media?parent=9608"}],"wp:term":[{"taxonomy":"category","embeddable":true,"href":"https:\/\/247stiri.ro\/index.php\/wp-json\/wp\/v2\/categories?post=9608"},{"taxonomy":"post_tag","embeddable":true,"href":"https:\/\/247stiri.ro\/index.php\/wp-json\/wp\/v2\/tags?post=9608"}],"curies":[{"name":"wp","href":"https:\/\/api.w.org\/{rel}","templated":true}]}}