{"id":9784,"date":"2024-11-22T14:44:59","date_gmt":"2024-11-22T14:44:59","guid":{"rendered":"https:\/\/247stiri.ro\/index.php\/2024\/11\/22\/mae-reactie-la-decizia-de-arestare-a-lui-netanyahu-nu-se-poate-pune-semnul-egal-intre-israel-si-organizatii-teroriste-precum-hamas-si-hezbollah\/"},"modified":"2024-11-22T14:44:59","modified_gmt":"2024-11-22T14:44:59","slug":"mae-reactie-la-decizia-de-arestare-a-lui-netanyahu-nu-se-poate-pune-semnul-egal-intre-israel-si-organizatii-teroriste-precum-hamas-si-hezbollah","status":"publish","type":"post","link":"https:\/\/247stiri.ro\/index.php\/2024\/11\/22\/mae-reactie-la-decizia-de-arestare-a-lui-netanyahu-nu-se-poate-pune-semnul-egal-intre-israel-si-organizatii-teroriste-precum-hamas-si-hezbollah\/","title":{"rendered":"MAE, reac\u021bie la decizia de arestare a lui Netanyahu: Nu se poate pune semnul egal \u00eentre Israel \u015fi organiza\u0163ii teroriste precum Hamas \u015fi Hezbollah"},"content":{"rendered":"<p>&#8222;\u00cen actualul context din Orientul Mijlociu, c\u00e2nd toate eforturile trebuie s\u0103 aib\u0103 ca scop g\u0103sirea de solu\u0163ii politice, orice ini\u0163iativ\u0103 trebuie s\u0103 vizeze un acord de \u00eencetare a focului, eliberarea tuturor ostaticilor \u015fi atenuarea crizei umanitare din Gaza. Dreptul Israelului de a se ap\u0103ra, \u00een concordan\u0163\u0103 cu dreptul interna\u0163ional, este la fel de important. Rom\u00e2nia sus\u0163ine dreptul interna\u0163ional \u015fi dreptul umanitar interna\u0163ional \u015fi reitereaz\u0103 pozi\u0163ia sa de principiu privind independen\u0163a Cur\u0163ii Penale Interna\u0163ionale (CPI). \u00cen acela\u015fi timp, consider\u0103m c\u0103 nu se poate pune semnul egal \u00eentre Israel, o democra\u0163ie, \u015fi organiza\u0163ii teroriste precum Hamas \u015fi Hezbollah&#8221;, arat\u0103\u00a0MAE, pe platforma X.<\/p>\n<p>Reac\u021bia vine dup\u0103 ce Curtea Penal\u0103 Interna\u0163ional\u0103 a emis joi mandate de arestare pentru premierul israelian Benjamin Netanyahu, fostul s\u0103u ministru al ap\u0103r\u0103rii Yoav Gallant \u015fi \u015feful aripii militare a Hamas, Mohammed Deif, pentru crime de r\u0103zboi \u015fi crime \u00eempotriva umanit\u0103\u0163ii, Israelul acuz\u00e2nd ca reac\u0163ie c\u0103 CPI &#8222;\u015fi-a pierdut orice legitimitate&#8221;, noteaz\u0103 AFP.<\/p>","protected":false},"excerpt":{"rendered":"<p>&#8222;\u00cen actualul context din Orientul Mijlociu, c\u00e2nd toate eforturile trebuie s\u0103 aib\u0103 ca scop g\u0103sirea&hellip;<\/p>\n","protected":false},"author":0,"featured_media":9773,"comment_status":"open","ping_status":"open","sticky":false,"template":"","format":"standard","meta":{"footnotes":""},"categories":[2],"tags":[],"class_list":["post-9784","post","type-post","status-publish","format-standard","has-post-thumbnail","hentry","category-actual"],"_links":{"self":[{"href":"https:\/\/247stiri.ro\/index.php\/wp-json\/wp\/v2\/posts\/9784","targetHints":{"allow":["GET"]}}],"collection":[{"href":"https:\/\/247stiri.ro\/index.php\/wp-json\/wp\/v2\/posts"}],"about":[{"href":"https:\/\/247stiri.ro\/index.php\/wp-json\/wp\/v2\/types\/post"}],"replies":[{"embeddable":true,"href":"https:\/\/247stiri.ro\/index.php\/wp-json\/wp\/v2\/comments?post=9784"}],"version-history":[{"count":0,"href":"https:\/\/247stiri.ro\/index.php\/wp-json\/wp\/v2\/posts\/9784\/revisions"}],"wp:featuredmedia":[{"embeddable":true,"href":"https:\/\/247stiri.ro\/index.php\/wp-json\/wp\/v2\/media\/9773"}],"wp:attachment":[{"href":"https:\/\/247stiri.ro\/index.php\/wp-json\/wp\/v2\/media?parent=9784"}],"wp:term":[{"taxonomy":"category","embeddable":true,"href":"https:\/\/247stiri.ro\/index.php\/wp-json\/wp\/v2\/categories?post=9784"},{"taxonomy":"post_tag","embeddable":true,"href":"https:\/\/247stiri.ro\/index.php\/wp-json\/wp\/v2\/tags?post=9784"}],"curies":[{"name":"wp","href":"https:\/\/api.w.org\/{rel}","templated":true}]}}