{"id":9814,"date":"2024-11-22T16:44:51","date_gmt":"2024-11-22T16:44:51","guid":{"rendered":"https:\/\/247stiri.ro\/index.php\/2024\/11\/22\/george-simion-am-votat-la-roma-din-respect-pentru-romanii-care-traiesc-in-strainatate\/"},"modified":"2024-11-22T16:44:51","modified_gmt":"2024-11-22T16:44:51","slug":"george-simion-am-votat-la-roma-din-respect-pentru-romanii-care-traiesc-in-strainatate","status":"publish","type":"post","link":"https:\/\/247stiri.ro\/index.php\/2024\/11\/22\/george-simion-am-votat-la-roma-din-respect-pentru-romanii-care-traiesc-in-strainatate\/","title":{"rendered":"George Simion: Am votat la Roma, din respect pentru rom\u00e2nii care tr\u0103iesc \u00een str\u0103in\u0103tate"},"content":{"rendered":"<p>\u201eAm venit s\u0103 votez la Roma, din respect pentru rom\u00e2nii care tr\u0103iesc \u00een str\u0103in\u0103tate. Voi merge \u0219i la Milano, Londra, \u0219i \u00een Spania \u0219i \u00een Germania, pentru a fi al\u0103turi de ei. Nu sunt tr\u0103d\u0103tori sau persoane necalificate. Sunt rom\u00e2ni adev\u0103ra\u021bi, care merit\u0103 s\u0103 fie respecta\u021bi, care merit\u0103 tot respectul nostru, tot sprijinul nostru. Sper ca, \u00een cur\u00e2nd, s\u0103 fim iar\u0103\u0219i aceea\u0219i \u021bar\u0103 \u0219i s\u0103 fim c\u00e2t mai mul\u021bi \u00een \u021bar\u0103. (&#8230;) S\u0103 merge\u021bi s\u0103 v\u0103 exercita\u021bi acest drept ca s\u0103 sc\u0103p\u0103m de copiii lui Ion Iliescu. S\u0103 \u00eei \u00eendemna\u021bi pe to\u021bi s\u0103 voteze. Este prima b\u0103t\u0103lie din r\u00e2ndul celor trei care ne a\u0219teapt\u0103. (&#8230;) Sper ca to\u021bi rom\u00e2nii s\u0103 mearg\u0103 la vot, s\u0103 se documenteze, s\u0103 urm\u0103reasc\u0103 pu\u021binele dezbateri care au avut loc \u0219i s\u0103 decid\u0103 \u00een cuno\u0219tin\u021b\u0103 de cauz\u0103\u201d, a declarat pre\u0219edintele AUR, George Simion.<\/p>\n<p>Rom\u00e2nii din diaspora au trei zile la dispozi\u021bie s\u0103 voteze la alegerile preziden\u021biale.<\/p>","protected":false},"excerpt":{"rendered":"<p>\u201eAm venit s\u0103 votez la Roma, din respect pentru rom\u00e2nii care tr\u0103iesc \u00een str\u0103in\u0103tate. Voi&hellip;<\/p>\n","protected":false},"author":0,"featured_media":9815,"comment_status":"open","ping_status":"open","sticky":false,"template":"","format":"standard","meta":{"footnotes":""},"categories":[3],"tags":[],"class_list":["post-9814","post","type-post","status-publish","format-standard","has-post-thumbnail","hentry","category-politica"],"_links":{"self":[{"href":"https:\/\/247stiri.ro\/index.php\/wp-json\/wp\/v2\/posts\/9814","targetHints":{"allow":["GET"]}}],"collection":[{"href":"https:\/\/247stiri.ro\/index.php\/wp-json\/wp\/v2\/posts"}],"about":[{"href":"https:\/\/247stiri.ro\/index.php\/wp-json\/wp\/v2\/types\/post"}],"replies":[{"embeddable":true,"href":"https:\/\/247stiri.ro\/index.php\/wp-json\/wp\/v2\/comments?post=9814"}],"version-history":[{"count":0,"href":"https:\/\/247stiri.ro\/index.php\/wp-json\/wp\/v2\/posts\/9814\/revisions"}],"wp:featuredmedia":[{"embeddable":true,"href":"https:\/\/247stiri.ro\/index.php\/wp-json\/wp\/v2\/media\/9815"}],"wp:attachment":[{"href":"https:\/\/247stiri.ro\/index.php\/wp-json\/wp\/v2\/media?parent=9814"}],"wp:term":[{"taxonomy":"category","embeddable":true,"href":"https:\/\/247stiri.ro\/index.php\/wp-json\/wp\/v2\/categories?post=9814"},{"taxonomy":"post_tag","embeddable":true,"href":"https:\/\/247stiri.ro\/index.php\/wp-json\/wp\/v2\/tags?post=9814"}],"curies":[{"name":"wp","href":"https:\/\/api.w.org\/{rel}","templated":true}]}}