{"id":9853,"date":"2024-11-22T18:44:55","date_gmt":"2024-11-22T18:44:55","guid":{"rendered":"https:\/\/247stiri.ro\/index.php\/2024\/11\/22\/trump-vrea-sa-puna-tunurile-pe-curtea-penala-internationala-dupa-ce-aceasta-a-emis-mandat-de-arestare-impotriva-lui-benjamin-netanyahu\/"},"modified":"2024-11-22T18:44:55","modified_gmt":"2024-11-22T18:44:55","slug":"trump-vrea-sa-puna-tunurile-pe-curtea-penala-internationala-dupa-ce-aceasta-a-emis-mandat-de-arestare-impotriva-lui-benjamin-netanyahu","status":"publish","type":"post","link":"https:\/\/247stiri.ro\/index.php\/2024\/11\/22\/trump-vrea-sa-puna-tunurile-pe-curtea-penala-internationala-dupa-ce-aceasta-a-emis-mandat-de-arestare-impotriva-lui-benjamin-netanyahu\/","title":{"rendered":"Trump vrea s\u0103 pun\u0103 tunurile pe Curtea Penal\u0103 Interna\u021bional\u0103, dup\u0103 ce aceasta a emis mandat de arestare \u00eempotriva lui Benjamin Netanyahu"},"content":{"rendered":"<p>Sanc\u0163iunile luate \u00een considerare ar putea viza diferi\u0163ii actori implica\u0163i \u00een emiterea mandatelor de arestare.Responsabili americani au anun\u0163at c\u0103 este examinat\u0103 &#8222;posibilitatea de a impune sanc\u0163iuni personale nu numai \u00eempotriva procurorului general al CPI sau \u00eempotriva instan\u0163ei, ci \u015fi a tuturor judec\u0103torilor care au emis mandatul&#8221; de arestare. Unii dintre ace\u015ftia consider\u0103 c\u0103 sanc\u0163iunile ar trebui extinse \u015fi asupra membrilor familiilor func\u0163ionarilor CPI.\u00cen cadrul Partidului Republican, precum \u015fi \u00een r\u00e2ndul senatorilor democra\u0163i, exist\u0103 un consens c\u0103 CPI ar trebui sanc\u0163ionat\u0103. Consilierul desemnat de Trump pentru securitate na\u0163ional\u0103, Mark Wall, a precizat c\u0103, &#8222;\u00een ianuarie, vor fi luate m\u0103suri \u00eempotriva Cur\u0163ii&#8221; Penale Interna\u0163ionale.<\/p>\n<p><a href=\"https:\/\/www.realitatea.net\/stiri\/actual\/curtea-penala-internationala-a-emis-mandat-de-arestare-pe-numele-lui-benjamin-netanyahu-premierul-israelian-este-acuzat-de-crime-de-razboi_673f27d3f8a3a143f249a2f2\" target=\"_blank\">Curtea Penal\u0103 Interna\u021bional\u0103 a emis mandat de ARESTARE pe numele lui Benjamin Netanyahu! Premierul israelian este acuzat de crime de r\u0103zboi<\/a><\/p>\n<p>Media citate men\u0163ioneaz\u0103 c\u0103 Statele Unite nu recunosc autoritatea CPI.Av\u00e2nd \u00een vedere consensul american, \u00eentrebarea nu mai este dac\u0103 se vor lua m\u0103suri \u00eempotriva CPI, ci care vor fi acestea, noteaz\u0103 i24News.Pre\u015fedintele american \u00een exerci\u0163iu Joe Biden a calificat joi drept &#8222;scandaloase&#8221; mandatele de arestare emise de Curtea Penal\u0103 Interna\u0163ional\u0103 pe numele premierului israelian Benjamin Netanyahu \u015fi al fostului ministru al ap\u0103r\u0103rii Yoav Gallant \u015fi a promis c\u0103 SUA vor sta al\u0103turi de Israel \u00een fa\u0163a amenin\u0163\u0103rilor la adresa securit\u0103\u0163ii sale, potrivit AFP.<\/p>\n<p><a href=\"https:\/\/www.realitatea.net\/stiri\/actual\/mae-reactie-la-decizia-de-arestare-a-lui-netanyahu-nu-se-poate-pune-semnul-egal-intre-israel-si-organizatii-teroriste-precum-hamas-si-hezbollah_674092ab0913af38f83b2dd2\" target=\"_blank\">MAE, reac\u021bie la decizia de arestare a lui Netanyahu: Nu se poate pune semnul egal \u00eentre Israel \u015fi organiza\u0163ii teroriste precum Hamas \u015fi Hezbollah<\/a><\/p>","protected":false},"excerpt":{"rendered":"<p>Sanc\u0163iunile luate \u00een considerare ar putea viza diferi\u0163ii actori implica\u0163i \u00een emiterea mandatelor de arestare.Responsabili&hellip;<\/p>\n","protected":false},"author":0,"featured_media":9844,"comment_status":"open","ping_status":"open","sticky":false,"template":"","format":"standard","meta":{"footnotes":""},"categories":[2],"tags":[],"class_list":["post-9853","post","type-post","status-publish","format-standard","has-post-thumbnail","hentry","category-actual"],"_links":{"self":[{"href":"https:\/\/247stiri.ro\/index.php\/wp-json\/wp\/v2\/posts\/9853","targetHints":{"allow":["GET"]}}],"collection":[{"href":"https:\/\/247stiri.ro\/index.php\/wp-json\/wp\/v2\/posts"}],"about":[{"href":"https:\/\/247stiri.ro\/index.php\/wp-json\/wp\/v2\/types\/post"}],"replies":[{"embeddable":true,"href":"https:\/\/247stiri.ro\/index.php\/wp-json\/wp\/v2\/comments?post=9853"}],"version-history":[{"count":0,"href":"https:\/\/247stiri.ro\/index.php\/wp-json\/wp\/v2\/posts\/9853\/revisions"}],"wp:featuredmedia":[{"embeddable":true,"href":"https:\/\/247stiri.ro\/index.php\/wp-json\/wp\/v2\/media\/9844"}],"wp:attachment":[{"href":"https:\/\/247stiri.ro\/index.php\/wp-json\/wp\/v2\/media?parent=9853"}],"wp:term":[{"taxonomy":"category","embeddable":true,"href":"https:\/\/247stiri.ro\/index.php\/wp-json\/wp\/v2\/categories?post=9853"},{"taxonomy":"post_tag","embeddable":true,"href":"https:\/\/247stiri.ro\/index.php\/wp-json\/wp\/v2\/tags?post=9853"}],"curies":[{"name":"wp","href":"https:\/\/api.w.org\/{rel}","templated":true}]}}