{"id":9864,"date":"2024-11-22T19:45:23","date_gmt":"2024-11-22T19:45:23","guid":{"rendered":"https:\/\/247stiri.ro\/index.php\/2024\/11\/22\/culita-sterp-s-a-casatorit-in-secret-si-asteapta-deja-al-doilea-copil-modul-in-care-a-facut-anuntul-i-a-surprins-pe-fani-video\/"},"modified":"2024-11-22T19:45:23","modified_gmt":"2024-11-22T19:45:23","slug":"culita-sterp-s-a-casatorit-in-secret-si-asteapta-deja-al-doilea-copil-modul-in-care-a-facut-anuntul-i-a-surprins-pe-fani-video","status":"publish","type":"post","link":"https:\/\/247stiri.ro\/index.php\/2024\/11\/22\/culita-sterp-s-a-casatorit-in-secret-si-asteapta-deja-al-doilea-copil-modul-in-care-a-facut-anuntul-i-a-surprins-pe-fani-video\/","title":{"rendered":"Culi\u021b\u0103 Sterp s-a c\u0103s\u0103torit \u00een secret \u0219i a\u0219teapt\u0103 deja al doilea copil. Modul \u00een care a f\u0103cut anun\u021bul i-a surprins pe fani &#8211; VIDEO"},"content":{"rendered":"<p>Daniela a ap\u0103rut pentru prima dat\u0103 cu burtica de gravid\u0103, \u00eentr-un videoclip emo\u021bionant postat pe YouTube, intitulat c\u00e2t se poate de expliciti &#8222;&#8221;.<\/p>\n<p>Dup\u0103 o rela\u021bie de c\u00e2\u021biva ani, din care cei doi \u00eel au pe Milan, Culi\u021b\u0103 Sterp \u0219i Daniela Iliescu au decis s\u0103 \u00ee\u0219i oficializeze rela\u021bia. Cei doi au spus \u201eDA\u201d \u00een fa\u021ba ofi\u021berului de stare civil\u0103, \u00eentr-un eveniment discret, departe de ochii curio\u0219ilor.<\/p>\n<p><a title=\"Adi Minune, acoperit de bani la nunta lui Iancu Sterp. Fratele mirelui, Culita Sterp a dat dedicatii de zeci de mii de euro\" href=\"https:\/\/www.realitatea.net\/stiri\/monden\/adi-minune-acoperit-de-bani-la-nunta-lui-iancu-sterp-fratele-mirelui-culita-sterp-a-dat-dedicatii-de-zeci-de-mii-de-euro_6721fbedb4e3e25fab75f912\">Adi Minune, acoperit de bani la nunta lui Iancu Sterp. Fratele mirelui, Culi\u021b\u0103 Sterp a dat dedica\u021bii de zeci de mii de euro<\/a><\/p>\n<p>Daniela a purtat o rochie alb\u0103, mulat\u0103, care i-a scos \u00een eviden\u021b\u0103 sarcina, dezv\u0103luind bucuria mare pe care au \u021binut-o ascuns\u0103 p\u00e2n\u0103 acum.<\/p>\n\n<p><a title=\"Vedete din Romania, platite sa faca propaganda pentru un candidat pro-rus din Moldova. Culita Sterp, campanie pe bani\" href=\"https:\/\/www.realitatea.net\/stiri\/actual\/vedete-din-romania-platite-sa-faca-propaganda-pentru-un-candidat-prorus-din-moldova-culita-sterp-campanie-pe-bani_6723a8ec32502b12e00d72a3\">Vedete din Rom\u00e2nia, pl\u0103tite s\u0103 fac\u0103 propagand\u0103 pentru un candidat pro-rus din Moldova. Culi\u021b\u0103 Sterp, campanie pe bani<\/a><\/p>","protected":false},"excerpt":{"rendered":"<p>Daniela a ap\u0103rut pentru prima dat\u0103 cu burtica de gravid\u0103, \u00eentr-un videoclip emo\u021bionant postat pe&hellip;<\/p>\n","protected":false},"author":0,"featured_media":9865,"comment_status":"open","ping_status":"open","sticky":false,"template":"","format":"standard","meta":{"footnotes":""},"categories":[8],"tags":[],"class_list":["post-9864","post","type-post","status-publish","format-standard","has-post-thumbnail","hentry","category-lifestyle"],"_links":{"self":[{"href":"https:\/\/247stiri.ro\/index.php\/wp-json\/wp\/v2\/posts\/9864","targetHints":{"allow":["GET"]}}],"collection":[{"href":"https:\/\/247stiri.ro\/index.php\/wp-json\/wp\/v2\/posts"}],"about":[{"href":"https:\/\/247stiri.ro\/index.php\/wp-json\/wp\/v2\/types\/post"}],"replies":[{"embeddable":true,"href":"https:\/\/247stiri.ro\/index.php\/wp-json\/wp\/v2\/comments?post=9864"}],"version-history":[{"count":0,"href":"https:\/\/247stiri.ro\/index.php\/wp-json\/wp\/v2\/posts\/9864\/revisions"}],"wp:featuredmedia":[{"embeddable":true,"href":"https:\/\/247stiri.ro\/index.php\/wp-json\/wp\/v2\/media\/9865"}],"wp:attachment":[{"href":"https:\/\/247stiri.ro\/index.php\/wp-json\/wp\/v2\/media?parent=9864"}],"wp:term":[{"taxonomy":"category","embeddable":true,"href":"https:\/\/247stiri.ro\/index.php\/wp-json\/wp\/v2\/categories?post=9864"},{"taxonomy":"post_tag","embeddable":true,"href":"https:\/\/247stiri.ro\/index.php\/wp-json\/wp\/v2\/tags?post=9864"}],"curies":[{"name":"wp","href":"https:\/\/api.w.org\/{rel}","templated":true}]}}