{"id":9868,"date":"2024-11-22T19:45:25","date_gmt":"2024-11-22T19:45:25","guid":{"rendered":"https:\/\/247stiri.ro\/index.php\/2024\/11\/22\/confuzie-fatala-la-27-de-ani-o-tanara-cu-cancer-in-stadiu-avansat-diagnosticata-initial-cu-intindere-musculara\/"},"modified":"2024-11-22T19:45:25","modified_gmt":"2024-11-22T19:45:25","slug":"confuzie-fatala-la-27-de-ani-o-tanara-cu-cancer-in-stadiu-avansat-diagnosticata-initial-cu-intindere-musculara","status":"publish","type":"post","link":"https:\/\/247stiri.ro\/index.php\/2024\/11\/22\/confuzie-fatala-la-27-de-ani-o-tanara-cu-cancer-in-stadiu-avansat-diagnosticata-initial-cu-intindere-musculara\/","title":{"rendered":"Confuzie fatal\u0103 la 27 de ani: o t\u00e2n\u0103r\u0103 cu cancer \u00een stadiu avansat, diagnosticat\u0103 ini\u021bial cu \u00eentindere muscular\u0103"},"content":{"rendered":"<p>Diagnostic tardiv \u0219i semne ignorate<\/p>\n<p>Holly a fost diagnosticat\u0103 prima dat\u0103 cu melanom malign \u00een 2019, la doar 27 de ani, dup\u0103 ce a observat o aluni\u021b\u0103 care devenise mai \u00eenchis\u0103 la culoare \u0219i mai proeminent\u0103. Aceasta a fost \u00eendep\u0103rtat\u0103 chirurgical, iar medicii au asigurat-o c\u0103 este vindecat\u0103. Totu\u0219i, \u00een martie 2023, t\u00e2n\u0103ra a \u00eenceput s\u0103 aib\u0103 o tuse persistent\u0103, care nu disp\u0103rea \u00een ciuda tratamentelor cu antibiotice.<\/p>\n<p>Dup\u0103 trei vizite la medic, \u00een care<a href=\"https:\/\/www.realitatea.net\/stiri\/sanatate\/cum-iti-dai-seama-daca-durerea-de-cap-este-semnul-unei-tumori-mortale-pe-creier-sau-doar-o-raceala-puternica_673f41eba056b7549965258d\" target=\"_blank\"> simptomele au fost atribuite<\/a> unei infec\u021bii virale sau unei \u00eentinderi musculare, Holly a insistat asupra unui control mai detaliat. \u00cen urma unei radiografii \u0219i a unui CT, a fost confirmat\u0103 revenirea cancerului, care se r\u0103sp\u00e2ndise \u00een g\u00e2t, torace \u0219i abdomen.<\/p>\n<p>Semnalele subtile care au fost\u00a0<\/p>\n<p>Holly avertizeaz\u0103 acum asupra importan\u021bei acord\u0103rii aten\u021biei simptomelor aparent banale, precum:<\/p>\n<p>O tuse persistent\u0103 care nu r\u0103spunde la tratament.Durerea \u00een piept asociat\u0103 cu o senza\u021bie de oboseal\u0103 nejustificat\u0103.Schimb\u0103ri ale pielii, cum ar fi modificarea aluni\u021belor.\u201eAm fost nevoit\u0103 s\u0103 \u00eemi reamintesc medicilor despre istoricul meu medical. Dac\u0103 nu a\u0219 fi f\u0103cut asta, diagnosticul ar fi venit poate prea t\u00e2rziu,\u201d a declarat ea.<\/p>\n<p>\u00cen prezent, Holly urmeaz\u0103 un tratament cu inhibitori care \u00eencetine\u0219te cre\u0219terea celulelor canceroase, iar \u00een func\u021bie de rezultatele viitoarelor analize, ar putea \u00eencepe imunoterapia. De\u0219i \u0219ansele de supravie\u021buire pentru melanomul \u00een stadiul patru sunt reduse, Holly r\u0103m\u00e2ne optimist\u0103 \u0219i lupt\u0103 s\u0103 \u00eenving\u0103 din nou boala.<\/p>\n<p>Vaccinuri personalizate: un viitor promi\u021b\u0103tor<\/p>\n<p>Cercet\u0103torii fac progrese semnificative \u00een lupta \u00eempotriva melanomului. Un vaccin personalizat, dezvoltat de companiile farmaceutice Moderna \u0219i MSD, ar putea \u00eenjum\u0103t\u0103\u021bi riscul de recidiv\u0103 \u0219i deces. Acest tratament, testat \u00een cadrul NHS din Marea Britanie, folose\u0219te structura genetic\u0103 a tumorilor pentru a crea solu\u021bii adaptate fiec\u0103rui pacient.<\/p>\n<p><a href=\"https:\/\/www.realitatea.net\/stiri\/actual\/o-femeie-a-fost-operata-de-cancer-din-greseala-ea-va-primi-50000-de-euro-despagubiri-detalii-uluitoare_672c85f0dd40b623784fdb72\" target=\"_blank\">Potrivit studiilor recente,<\/a> pacien\u021bii care au primit acest vaccin \u00eempreun\u0103 cu imunoterapia standard au avut \u0219anse de supravie\u021buire duble \u00een compara\u021bie cu cei trata\u021bi doar cu metode conven\u021bionale.<\/p>","protected":false},"excerpt":{"rendered":"<p>Diagnostic tardiv \u0219i semne ignorate Holly a fost diagnosticat\u0103 prima dat\u0103 cu melanom malign \u00een&hellip;<\/p>\n","protected":false},"author":0,"featured_media":9869,"comment_status":"open","ping_status":"open","sticky":false,"template":"","format":"standard","meta":{"footnotes":""},"categories":[4],"tags":[],"class_list":["post-9868","post","type-post","status-publish","format-standard","has-post-thumbnail","hentry","category-extern"],"_links":{"self":[{"href":"https:\/\/247stiri.ro\/index.php\/wp-json\/wp\/v2\/posts\/9868","targetHints":{"allow":["GET"]}}],"collection":[{"href":"https:\/\/247stiri.ro\/index.php\/wp-json\/wp\/v2\/posts"}],"about":[{"href":"https:\/\/247stiri.ro\/index.php\/wp-json\/wp\/v2\/types\/post"}],"replies":[{"embeddable":true,"href":"https:\/\/247stiri.ro\/index.php\/wp-json\/wp\/v2\/comments?post=9868"}],"version-history":[{"count":0,"href":"https:\/\/247stiri.ro\/index.php\/wp-json\/wp\/v2\/posts\/9868\/revisions"}],"wp:featuredmedia":[{"embeddable":true,"href":"https:\/\/247stiri.ro\/index.php\/wp-json\/wp\/v2\/media\/9869"}],"wp:attachment":[{"href":"https:\/\/247stiri.ro\/index.php\/wp-json\/wp\/v2\/media?parent=9868"}],"wp:term":[{"taxonomy":"category","embeddable":true,"href":"https:\/\/247stiri.ro\/index.php\/wp-json\/wp\/v2\/categories?post=9868"},{"taxonomy":"post_tag","embeddable":true,"href":"https:\/\/247stiri.ro\/index.php\/wp-json\/wp\/v2\/tags?post=9868"}],"curies":[{"name":"wp","href":"https:\/\/api.w.org\/{rel}","templated":true}]}}