{"id":9872,"date":"2024-11-22T19:45:26","date_gmt":"2024-11-22T19:45:26","guid":{"rendered":"https:\/\/247stiri.ro\/index.php\/2024\/11\/22\/lovitura-pentru-credinciosii-romani-initiatorul-constituirii-bisericii-ortodoxe-romane-din-ucraina-a-primit-interdictie-de-a-intra-pe-teritoriul-tarii-vecine\/"},"modified":"2024-11-22T19:45:26","modified_gmt":"2024-11-22T19:45:26","slug":"lovitura-pentru-credinciosii-romani-initiatorul-constituirii-bisericii-ortodoxe-romane-din-ucraina-a-primit-interdictie-de-a-intra-pe-teritoriul-tarii-vecine","status":"publish","type":"post","link":"https:\/\/247stiri.ro\/index.php\/2024\/11\/22\/lovitura-pentru-credinciosii-romani-initiatorul-constituirii-bisericii-ortodoxe-romane-din-ucraina-a-primit-interdictie-de-a-intra-pe-teritoriul-tarii-vecine\/","title":{"rendered":"Lovitur\u0103 pentru credincio\u0219ii rom\u00e2ni: Ini\u0163iatorul constituirii Bisericii Ortodoxe Rom\u00e2ne din Ucraina a primit interdic\u0163ie de a intra pe teritoriul \u021b\u0103rii vecine"},"content":{"rendered":"<p>P\u0103tra\u015f, care este \u015fi vicepre\u015fedinte al Centrului Cultural Rom\u00e2n &#8222;Eudoxiu Hurmuzachi&#8221; din Cern\u0103u\u0163i,\u00a0a declarat vineri, pentru Agerpres, c\u0103 decizia a fost adoptat\u0103 de Serviciul de Securitate al Ucrainei. El consider\u0103 c\u0103 m\u0103sura are leg\u0103tur\u0103 cu implicarea sa \u00een proiectul de constituire a Bisericii Ortodoxe Rom\u00e2ne din Ucraina.&#8221;Am aflat \u00een data de 19, acum trei zile, c\u00e2nd plecam spre Cern\u0103u\u0163i. \u00cen vam\u0103, gr\u0103nicerii mi-au adus la cuno\u015ftin\u0163\u0103 decizia Serviciului de Securitate al Ucrainei, interdic\u0163ie pentru trei ani. Evident, ca de obicei, nu indic\u0103 un temei legal \u015fi o spun din start c\u0103 motive legale nu exist\u0103. Motivele reale constau \u00een faptul c\u0103 m\u0103 implic activ \u00een ap\u0103rarea drepturilor comunit\u0103\u0163ii rom\u00e2ne\u015fti din Ucraina, care nu trece prin cea mai fericit\u0103 perioad\u0103 a existen\u0163ei sale. Pe de o parte, autorit\u0103\u0163ile se lupt\u0103 cu \u015fcoala, iar acum este la grea \u00eencercare \u015fi biserica. M-am implicat \u00een proiectul de suflet \u015fi c\u00e2t se poate de necesar pentru comunitate, \u00een sensul \u00eenfiin\u0163\u0103rii organiza\u0163iei religioase Biserica Ortodox\u0103 din Ucraina \u015fi sunt \u00eemputernicitul grupului de ini\u0163iativ\u0103 pentru \u00eenregistrarea Bisericii Ortodoxe Rom\u00e2ne din Ucraina&#8221;, a afirmat avocatul.<\/p>\n<p><a title=\"O biserica din Elvetia are holograma AI cu Isus care asculta spovedanii si da sfaturi\" href=\"https:\/\/www.realitatea.net\/stiri\/stiinta-si-tehnologie\/o-biserica-din-elvetia-are-holograma-ai-cu-isus-care-asculta-spovedanii-si-da-sfaturi_673e55778897983fa05d38f2\">O biseric\u0103 din Elve\u021bia are hologram\u0103 AI cu Isus care ascult\u0103 spovedanii \u0219i d\u0103 sfaturi<\/a>Considerat unul dintre cei mai importan\u0163i lideri ai comunit\u0103\u0163ii rom\u00e2ne\u015fti din Cern\u0103u\u0163i, P\u0103tra\u015f sus\u0163ine c\u0103 va sesiza at\u00e2t autorit\u0103\u0163ile rom\u00e2ne, c\u00e2t \u015fi cele ucrainene cu privire la interdic\u0163ia care i-a fost impus\u0103.&#8221;Azi am depus un memoriu la Patriarhie (&#8230;). La \u00eenceputul s\u0103pt\u0103m\u00e2nii viitoare voi depune \u015fi la Guvern \u015fi la Ministerul de Externe \u015fi sigur c\u0103 voi face un demers \u015fi c\u0103tre Serviciul de Securitate al Ucrainei, s\u0103 \u00eemi explice care sunt temeiurile legale&#8221;, a ad\u0103ugat Eugen P\u0103tra\u015f.<\/p>\n<p><a title=\"Sarbatoare 22 noiembrie. Mai multi sfinti importanti sunt praznuiti astazi. Zi cu mare insemnatate pentru biserica\" href=\"https:\/\/www.realitatea.net\/stiri\/actual\/sarbatoare-22-noiembrie-mai-multi-sfinti-importanti-sunt-praznuiti-astazi-zi-cu-mare-insemnatate_674014633d90b05e8a134e42\">S\u0103rb\u0103toare 22 noiembrie. Mai mul\u021bi sfin\u021bi importan\u021bi sunt pr\u0103znui\u021bi ast\u0103zi. Zi cu mare \u00eensemn\u0103tate pentru biseric\u0103<\/a><\/p>","protected":false},"excerpt":{"rendered":"<p>P\u0103tra\u015f, care este \u015fi vicepre\u015fedinte al Centrului Cultural Rom\u00e2n &#8222;Eudoxiu Hurmuzachi&#8221; din Cern\u0103u\u0163i,\u00a0a declarat vineri,&hellip;<\/p>\n","protected":false},"author":0,"featured_media":9873,"comment_status":"open","ping_status":"open","sticky":false,"template":"","format":"standard","meta":{"footnotes":""},"categories":[2],"tags":[],"class_list":["post-9872","post","type-post","status-publish","format-standard","has-post-thumbnail","hentry","category-actual"],"_links":{"self":[{"href":"https:\/\/247stiri.ro\/index.php\/wp-json\/wp\/v2\/posts\/9872","targetHints":{"allow":["GET"]}}],"collection":[{"href":"https:\/\/247stiri.ro\/index.php\/wp-json\/wp\/v2\/posts"}],"about":[{"href":"https:\/\/247stiri.ro\/index.php\/wp-json\/wp\/v2\/types\/post"}],"replies":[{"embeddable":true,"href":"https:\/\/247stiri.ro\/index.php\/wp-json\/wp\/v2\/comments?post=9872"}],"version-history":[{"count":0,"href":"https:\/\/247stiri.ro\/index.php\/wp-json\/wp\/v2\/posts\/9872\/revisions"}],"wp:featuredmedia":[{"embeddable":true,"href":"https:\/\/247stiri.ro\/index.php\/wp-json\/wp\/v2\/media\/9873"}],"wp:attachment":[{"href":"https:\/\/247stiri.ro\/index.php\/wp-json\/wp\/v2\/media?parent=9872"}],"wp:term":[{"taxonomy":"category","embeddable":true,"href":"https:\/\/247stiri.ro\/index.php\/wp-json\/wp\/v2\/categories?post=9872"},{"taxonomy":"post_tag","embeddable":true,"href":"https:\/\/247stiri.ro\/index.php\/wp-json\/wp\/v2\/tags?post=9872"}],"curies":[{"name":"wp","href":"https:\/\/api.w.org\/{rel}","templated":true}]}}