{"id":9906,"date":"2024-11-22T21:45:11","date_gmt":"2024-11-22T21:45:11","guid":{"rendered":"https:\/\/247stiri.ro\/index.php\/2024\/11\/22\/sfarsit-cumplit-pentru-un-sofer-masina-sa-a-fost-lovita-in-plin-de-un-tren-cu-pasageri\/"},"modified":"2024-11-22T21:45:11","modified_gmt":"2024-11-22T21:45:11","slug":"sfarsit-cumplit-pentru-un-sofer-masina-sa-a-fost-lovita-in-plin-de-un-tren-cu-pasageri","status":"publish","type":"post","link":"https:\/\/247stiri.ro\/index.php\/2024\/11\/22\/sfarsit-cumplit-pentru-un-sofer-masina-sa-a-fost-lovita-in-plin-de-un-tren-cu-pasageri\/","title":{"rendered":"Sf\u00e2r\u0219it CUMPLIT pentru un \u0219ofer. Ma\u0219ina sa a fost lovit\u0103 \u00een plin de un tren cu pasageri"},"content":{"rendered":"<p>\u0218oferul a murit pe loc<\/p>\n<p><a href=\"https:\/\/www.realitatea.net\/stiri\/actual\/doua-persoane-in-stop-cardiorespirator-dupa-ce-masina-in-care-se-aflau-a-fost-lovita-de-tren-autoturismul-a-fost-proiectat-pe-camp-iamgini-dramatice_671a2b303498a4117f047092\" target=\"_blank\">Accidentul a avut loc<\/a> \u00een jurul orei 20:45, iar echipele de interven\u021bie au fost alertate imediat. La fa\u021ba locului s-au deplasat o autospecial\u0103 de descarcerare din cadrul Deta\u0219amentului Lugoj, o autospecial\u0103 de descarcerare grea din Timi\u0219oara, un echipaj SMURD \u0219i o ambulan\u021b\u0103 cu medic.<\/p>\n<p>Potrivit ISU Timi\u0219, autoturismul a fost grav avariat, iar \u0219oferul a r\u0103mas \u00eencarcerat \u00een urma coliziunii. \u00cen ciuda eforturilor echipajelor de salvare, medicul sosit la fa\u021ba locului a fost nevoit s\u0103 declare decesul victimei.<\/p>\n<p>Mecanicul de locomotiv\u0103, afectat emo\u021bional<\/p>\n<p><a href=\"https:\/\/www.realitatea.net\/stiri\/actual\/accident-feroviar-grav-in-jud-prahova-o-masina-a-fost-spulberata-de-tren_66f269ede05b6662f4333445\" target=\"_blank\">\u00cen urma incidentului,<\/a> mecanicul trenului a suferit un atac de panic\u0103 \u0219i a primit \u00eengrijiri medicale la fa\u021ba locului.<\/p>\n<p>Autorit\u0103\u021bile urmeaz\u0103 s\u0103 stabileasc\u0103 exact cum s-a produs accidentul. Coliziunile \u00eentre vehicule \u0219i trenuri r\u0103m\u00e2n unele dintre cele mai periculoase tipuri de incidente rutiere, atr\u0103g\u00e2nd aten\u021bia asupra importan\u021bei respect\u0103rii regulilor de circula\u021bie \u00een apropierea trecerilor de cale ferat\u0103.<\/p>\n<p>\u201e\u00cen accidentul feroviar au fost implicate trenul Regio nr. 1691 care circula pe ruta Bucure\u0219ti &#8211; Timi\u0219oara \u0219i un autoturism \u00een care se afla doar conduc\u0103torul, care a r\u0103mas \u00eencarcerat. Din nefericire, medicul de pe ambulan\u021b\u0103 a declarat decesul victimei\u201d, conform inform\u0103rii.<\/p>\n<p>\u00a0<\/p>\n<p>\u00a0<\/p>\n<p>\u00a0<\/p>","protected":false},"excerpt":{"rendered":"<p>\u0218oferul a murit pe loc Accidentul a avut loc \u00een jurul orei 20:45, iar echipele&hellip;<\/p>\n","protected":false},"author":0,"featured_media":9907,"comment_status":"open","ping_status":"open","sticky":false,"template":"","format":"standard","meta":{"footnotes":""},"categories":[2],"tags":[],"class_list":["post-9906","post","type-post","status-publish","format-standard","has-post-thumbnail","hentry","category-actual"],"_links":{"self":[{"href":"https:\/\/247stiri.ro\/index.php\/wp-json\/wp\/v2\/posts\/9906","targetHints":{"allow":["GET"]}}],"collection":[{"href":"https:\/\/247stiri.ro\/index.php\/wp-json\/wp\/v2\/posts"}],"about":[{"href":"https:\/\/247stiri.ro\/index.php\/wp-json\/wp\/v2\/types\/post"}],"replies":[{"embeddable":true,"href":"https:\/\/247stiri.ro\/index.php\/wp-json\/wp\/v2\/comments?post=9906"}],"version-history":[{"count":0,"href":"https:\/\/247stiri.ro\/index.php\/wp-json\/wp\/v2\/posts\/9906\/revisions"}],"wp:featuredmedia":[{"embeddable":true,"href":"https:\/\/247stiri.ro\/index.php\/wp-json\/wp\/v2\/media\/9907"}],"wp:attachment":[{"href":"https:\/\/247stiri.ro\/index.php\/wp-json\/wp\/v2\/media?parent=9906"}],"wp:term":[{"taxonomy":"category","embeddable":true,"href":"https:\/\/247stiri.ro\/index.php\/wp-json\/wp\/v2\/categories?post=9906"},{"taxonomy":"post_tag","embeddable":true,"href":"https:\/\/247stiri.ro\/index.php\/wp-json\/wp\/v2\/tags?post=9906"}],"curies":[{"name":"wp","href":"https:\/\/api.w.org\/{rel}","templated":true}]}}