{"id":9924,"date":"2024-11-23T05:44:46","date_gmt":"2024-11-23T05:44:46","guid":{"rendered":"https:\/\/247stiri.ro\/index.php\/2024\/11\/23\/fiica-unui-afacerist-din-iasi-gasita-fara-suflare-in-camera-sa-parintii-si-prietenii-sunt-in-stare-de-soc-avea-doar-22-de-ani\/"},"modified":"2024-11-23T05:44:46","modified_gmt":"2024-11-23T05:44:46","slug":"fiica-unui-afacerist-din-iasi-gasita-fara-suflare-in-camera-sa-parintii-si-prietenii-sunt-in-stare-de-soc-avea-doar-22-de-ani","status":"publish","type":"post","link":"https:\/\/247stiri.ro\/index.php\/2024\/11\/23\/fiica-unui-afacerist-din-iasi-gasita-fara-suflare-in-camera-sa-parintii-si-prietenii-sunt-in-stare-de-soc-avea-doar-22-de-ani\/","title":{"rendered":"Fiica unui afacerist din Ia\u0219i, g\u0103sit\u0103 f\u0103r\u0103 suflare \u00een camera sa. P\u0103rin\u021bii \u0219i prietenii sunt \u00een stare de \u0219oc: avea doar 22 de ani"},"content":{"rendered":"<p>Moartea Andreei Nechita a c\u0103zut ca un fulger pentru p\u0103rin\u021bii \u0219i prietenii fetei. T\u00e2n\u0103ra de 22 de ani s-a stins brusc, l\u0103s\u00e2nd \u00een urm\u0103 durere \u0219i multe semne de \u00eentrebare. Fiica afaceristului Iulian Nechita nu era cunoscut\u0103 cu probleme de s\u0103n\u0103tate, iar medicii nu au putut stabili nici acum, dup\u0103 10 zile de la deces, din ce cauz\u0103 a murit.<\/p>\n<p><a href=\"https:\/\/www.realitatea.net\/stiri\/actual\/interpret-celebru-de-muzica-populara-in-lacrimi-suntem-distrusi-de-durere_6738b8b43f7b011ba90219c6\" target=\"_blank\">Interpret celebru de muzic\u0103 popular\u0103, \u00een lacrimi: Suntem distru\u0219i de durere<\/a><\/p>\n<p>Sute de oameni au participat la \u00eenmorm\u00e2ntarea tinerei de 22 de ani. Fiica lui Iulian Nechita a fost \u00eenmorm\u00e2ntat\u0103 la cimitirul Sf\u00e2ntul Vasile din Ia\u0219i, unde locul ei de veci este plin de coroane, flori \u0219i juc\u0103rii de plu\u0219. Andreea Nechita era student\u0103 la Drept \u0219i visa s\u0103 devin\u0103 un avocat renumit.<\/p>\n<p>Tragedia s-a petrecut dup\u0103 ce Andreea Nechita s-a dus \u00een camera ei s\u0103 se odihneasc\u0103. A doua zi, diminea\u021ba, mama fetei a v\u0103zut c\u0103 aceasta nu mai d\u0103 niciun semn \u0219i s-a dus s\u0103 vad\u0103 ce se \u00eent\u00e2mpl\u0103 cu t\u00e2n\u0103ra. Andreea Nechita z\u0103cea f\u0103r\u0103 suflare \u00een pat. Medicii chema\u021bi la fa\u021ba locului au resuscitat-o zeci de minute, \u00eens\u0103 nu au putut s\u0103 o salveze. Poli\u021bi\u0219tii continu\u0103 cercet\u0103rile pentru a stabili cu exactitate ce s-a \u00eent\u00e2mplat cu fata.\u00a0<\/p>","protected":false},"excerpt":{"rendered":"<p>Moartea Andreei Nechita a c\u0103zut ca un fulger pentru p\u0103rin\u021bii \u0219i prietenii fetei. T\u00e2n\u0103ra de&hellip;<\/p>\n","protected":false},"author":0,"featured_media":9925,"comment_status":"open","ping_status":"open","sticky":false,"template":"","format":"standard","meta":{"footnotes":""},"categories":[2],"tags":[],"class_list":["post-9924","post","type-post","status-publish","format-standard","has-post-thumbnail","hentry","category-actual"],"_links":{"self":[{"href":"https:\/\/247stiri.ro\/index.php\/wp-json\/wp\/v2\/posts\/9924","targetHints":{"allow":["GET"]}}],"collection":[{"href":"https:\/\/247stiri.ro\/index.php\/wp-json\/wp\/v2\/posts"}],"about":[{"href":"https:\/\/247stiri.ro\/index.php\/wp-json\/wp\/v2\/types\/post"}],"replies":[{"embeddable":true,"href":"https:\/\/247stiri.ro\/index.php\/wp-json\/wp\/v2\/comments?post=9924"}],"version-history":[{"count":0,"href":"https:\/\/247stiri.ro\/index.php\/wp-json\/wp\/v2\/posts\/9924\/revisions"}],"wp:featuredmedia":[{"embeddable":true,"href":"https:\/\/247stiri.ro\/index.php\/wp-json\/wp\/v2\/media\/9925"}],"wp:attachment":[{"href":"https:\/\/247stiri.ro\/index.php\/wp-json\/wp\/v2\/media?parent=9924"}],"wp:term":[{"taxonomy":"category","embeddable":true,"href":"https:\/\/247stiri.ro\/index.php\/wp-json\/wp\/v2\/categories?post=9924"},{"taxonomy":"post_tag","embeddable":true,"href":"https:\/\/247stiri.ro\/index.php\/wp-json\/wp\/v2\/tags?post=9924"}],"curies":[{"name":"wp","href":"https:\/\/api.w.org\/{rel}","templated":true}]}}