{"id":9949,"date":"2024-11-23T06:44:53","date_gmt":"2024-11-23T06:44:53","guid":{"rendered":"https:\/\/247stiri.ro\/index.php\/2024\/11\/23\/prognoza-meteo-pe-o-luna-iarna-pune-stapanire-peste-romania-fenomene-severe-temperaturi-extreme\/"},"modified":"2024-11-23T06:44:53","modified_gmt":"2024-11-23T06:44:53","slug":"prognoza-meteo-pe-o-luna-iarna-pune-stapanire-peste-romania-fenomene-severe-temperaturi-extreme","status":"publish","type":"post","link":"https:\/\/247stiri.ro\/index.php\/2024\/11\/23\/prognoza-meteo-pe-o-luna-iarna-pune-stapanire-peste-romania-fenomene-severe-temperaturi-extreme\/","title":{"rendered":"Prognoza meteo pe o lun\u0103. Iarna pune st\u0103p\u00e2nire peste Rom\u00e2nia: fenomene severe, temperaturi extreme"},"content":{"rendered":"<p>S\u0103pt\u0103m\u00e2na 25.11.2024 \u2013 02.12.2024<\/p>\n<p>Valorile termice vor fi mai cobor\u00e2te dec\u00e2t cele specifice pentru aceast\u0103 s\u0103pt\u0103m\u00e2n\u0103 \u00een regiunile estice, sud-estice \u0219i centrale, iar \u00een rest vor fi \u00een general apropiate de cele normale.<\/p>\n<p>Regimul pluviometric va fi local deficitar \u00een zonele montane, iar \u00een rest se va situa \u00een jurul celui specific pentru acest interval.<\/p>\n<p>S\u0103pt\u0103m\u00e2na 02.12.2024 \u2013 09.12.2024<\/p>\n<p>Temperaturile medii se vor situa sub cele specifice pentru aceast\u0103 perioad\u0103, la nivelul \u00eentregii \u021b\u0103ri, dar mai ales \u00een regiunile centrale \u0219i \u00een extremitatea de sud-est a teritoriului.<\/p>\n<p>Cantit\u0103\u021bile de precipita\u021bii estimate pentru acest interval vor fi deficitare \u00een toate regiunile.<\/p>\n<p>S\u0103pt\u0103m\u00e2na 09.12.2024 \u2013 16.12.2024<\/p>\n<p>Temperatura medie a aerului va avea valori \u00een general apropiate de cele normale pentru acest interval, la nivelul \u00eentregii \u021b\u0103ri.<\/p>\n<p>Regimul pluviometric va fi u\u0219or deficitar, local, \u00een regiunile centrale, sudice \u0219i estice, iar \u00een rest va fi apropiat de cel normal pentru aceast\u0103 perioad\u0103.<\/p>\n<p>S\u0103pt\u0103m\u00e2na 16.12.2024 \u2013 23.12.2024<\/p>\n<p>Mediile valorilor termice vor fi apropiate de cele normale pentru aceast\u0103 s\u0103pt\u0103m\u00e2n\u0103, \u00een cea mai mare parte a \u021b\u0103rii.<\/p>\n<p>Cantit\u0103\u021bile de precipita\u021bii vor fi apropate de cele normale pentru aceast\u0103 perioad\u0103, \u00een toate regiunile.<\/p>","protected":false},"excerpt":{"rendered":"<p>S\u0103pt\u0103m\u00e2na 25.11.2024 \u2013 02.12.2024 Valorile termice vor fi mai cobor\u00e2te dec\u00e2t cele specifice pentru aceast\u0103&hellip;<\/p>\n","protected":false},"author":0,"featured_media":9950,"comment_status":"open","ping_status":"open","sticky":false,"template":"","format":"standard","meta":{"footnotes":""},"categories":[2],"tags":[],"class_list":["post-9949","post","type-post","status-publish","format-standard","has-post-thumbnail","hentry","category-actual"],"_links":{"self":[{"href":"https:\/\/247stiri.ro\/index.php\/wp-json\/wp\/v2\/posts\/9949","targetHints":{"allow":["GET"]}}],"collection":[{"href":"https:\/\/247stiri.ro\/index.php\/wp-json\/wp\/v2\/posts"}],"about":[{"href":"https:\/\/247stiri.ro\/index.php\/wp-json\/wp\/v2\/types\/post"}],"replies":[{"embeddable":true,"href":"https:\/\/247stiri.ro\/index.php\/wp-json\/wp\/v2\/comments?post=9949"}],"version-history":[{"count":0,"href":"https:\/\/247stiri.ro\/index.php\/wp-json\/wp\/v2\/posts\/9949\/revisions"}],"wp:featuredmedia":[{"embeddable":true,"href":"https:\/\/247stiri.ro\/index.php\/wp-json\/wp\/v2\/media\/9950"}],"wp:attachment":[{"href":"https:\/\/247stiri.ro\/index.php\/wp-json\/wp\/v2\/media?parent=9949"}],"wp:term":[{"taxonomy":"category","embeddable":true,"href":"https:\/\/247stiri.ro\/index.php\/wp-json\/wp\/v2\/categories?post=9949"},{"taxonomy":"post_tag","embeddable":true,"href":"https:\/\/247stiri.ro\/index.php\/wp-json\/wp\/v2\/tags?post=9949"}],"curies":[{"name":"wp","href":"https:\/\/api.w.org\/{rel}","templated":true}]}}